{"id":229,"date":"2016-01-15T12:49:36","date_gmt":"2016-01-15T12:49:36","guid":{"rendered":"http:\/\/blogestaciodeserveimaset.es\/?p=229"},"modified":"2016-01-15T12:49:36","modified_gmt":"2016-01-15T12:49:36","slug":"opel-preocupada-per-les-emissions","status":"publish","type":"post","link":"https:\/\/estaciodeserveimaset.com\/es\/opel-preocupada-per-les-emissions\/","title":{"rendered":"Opel, preocupada per les emissions"},"content":{"rendered":"<p>Controlar les emissions dels nostres vehicles \u00e9s una cosa que hauria de ser com\u00fa per a tots els fabricants, ja que suposa una bona mesura per a ajudar un poc al medi ambient. Aix\u00f2 \u00e9s el que ha fet la marca Opel, que vol avan\u00e7ar volunt\u00e0riament per tal d\u2019acomplir les futures normatives al respecte, tant de CO2 com de Nox.<\/p>\n<p>A partir del segon semestre de 2016 publicar\u00e0 les noves xifres de consum de carburant registrades baix la nova norma WLTP\u00a0(Worldwide harmonized Light vehicles Test Procedures &#8211; Procediments de probes de vehicles lleugers a nivell mundial).<\/p>\n<p>A m\u00e9s, els enginyers estan treballant tamb\u00e9 en una iniciativa per tal d\u2019implementar una millora de les emissions de Nox en les aplicacions diesel amb Reducci\u00f3 Selectiva de Catalitzaci\u00f3, una mesura volunt\u00e0ria, ja que van un pas per davant de la nova legislaci\u00f3, que entrar\u00e0 en vigor el 2017.<\/p>\n<p>Aix\u00ed, Opel es compromet a oferir transpar\u00e8ncia a les autoritats encarregades de dur a terme les probes.<\/p>\n<p>&nbsp;<\/p>\n","protected":false},"excerpt":{"rendered":"<p>Controlar les emissions dels nostres vehicles \u00e9s una cosa que hauria de ser com\u00fa per a tots els fabricants, ja que suposa una bona mesura per a ajudar un poc al medi ambient. Aix\u00f2 \u00e9s el que ha fet la marca Opel, que vol avan\u00e7ar volunt\u00e0riament per tal d\u2019acomplir les futures normatives al respecte, tant [&hellip;]<\/p>\n","protected":false},"author":1,"featured_media":230,"comment_status":"open","ping_status":"open","sticky":false,"template":"","format":"standard","meta":{"_et_pb_use_builder":"","_et_pb_old_content":"","_et_gb_content_width":"","_joinchat":[],"footnotes":""},"categories":[6],"tags":[47,81],"class_list":["post-229","post","type-post","status-publish","format-standard","has-post-thumbnail","hentry","category-informacio","tag-emissions","tag-opel"],"yoast_head":"<!-- This site is optimized with the Yoast SEO plugin v27.5 - https:\/\/yoast.com\/product\/yoast-seo-wordpress\/ -->\n<title>Opel, preocupada per les emissions<\/title>\n<meta name=\"description\" content=\"vVol avan\u00e7ar volunt\u00e0riament per tal d\u2019acomplir les futures normatives al respecte, tant de CO2 com de Nox.\" \/>\n<meta name=\"robots\" content=\"index, follow, max-snippet:-1, max-image-preview:large, max-video-preview:-1\" \/>\n<link rel=\"canonical\" href=\"https:\/\/estaciodeserveimaset.com\/opel-preocupada-per-les-emissions\/\" \/>\n<meta property=\"og:locale\" content=\"es_ES\" \/>\n<meta property=\"og:type\" content=\"article\" \/>\n<meta property=\"og:title\" content=\"Opel, preocupada per les emissions\" \/>\n<meta property=\"og:description\" content=\"vVol avan\u00e7ar volunt\u00e0riament per tal d\u2019acomplir les futures normatives al respecte, tant de CO2 com de Nox.\" \/>\n<meta property=\"og:url\" content=\"https:\/\/estaciodeserveimaset.com\/opel-preocupada-per-les-emissions\/\" \/>\n<meta property=\"og:site_name\" content=\"Estaci\u00f3 de Servei Maset\" \/>\n<meta property=\"article:published_time\" content=\"2016-01-15T12:49:36+00:00\" \/>\n<meta property=\"og:image\" content=\"https:\/\/estaciodeserveimaset.com\/wp-content\/uploads\/2016\/01\/1480033_l.jpg\" \/>\n\t<meta property=\"og:image:width\" content=\"2508\" \/>\n\t<meta property=\"og:image:height\" content=\"1672\" \/>\n\t<meta property=\"og:image:type\" content=\"image\/jpeg\" \/>\n<meta name=\"author\" content=\"Estaci\u00f3 de Servei Maset\" \/>\n<meta name=\"twitter:card\" content=\"summary_large_image\" \/>\n<meta name=\"twitter:label1\" content=\"Escrito por\" \/>\n\t<meta name=\"twitter:data1\" content=\"Estaci\u00f3 de Servei Maset\" \/>\n\t<meta name=\"twitter:label2\" content=\"Tiempo de lectura\" \/>\n\t<meta name=\"twitter:data2\" content=\"1 minuto\" \/>\n<script type=\"application\/ld+json\" class=\"yoast-schema-graph\">{\"@context\":\"https:\\\/\\\/schema.org\",\"@graph\":[{\"@type\":\"Article\",\"@id\":\"https:\\\/\\\/estaciodeserveimaset.com\\\/opel-preocupada-per-les-emissions\\\/#article\",\"isPartOf\":{\"@id\":\"https:\\\/\\\/estaciodeserveimaset.com\\\/opel-preocupada-per-les-emissions\\\/\"},\"author\":{\"name\":\"Estaci\u00f3 de Servei Maset\",\"@id\":\"https:\\\/\\\/estaciodeserveimaset.com\\\/#\\\/schema\\\/person\\\/06754f41b30c7200ac8cc1a27a51a606\"},\"headline\":\"Opel, preocupada per les emissions\",\"datePublished\":\"2016-01-15T12:49:36+00:00\",\"mainEntityOfPage\":{\"@id\":\"https:\\\/\\\/estaciodeserveimaset.com\\\/opel-preocupada-per-les-emissions\\\/\"},\"wordCount\":174,\"commentCount\":0,\"image\":{\"@id\":\"https:\\\/\\\/estaciodeserveimaset.com\\\/opel-preocupada-per-les-emissions\\\/#primaryimage\"},\"thumbnailUrl\":\"https:\\\/\\\/estaciodeserveimaset.com\\\/wp-content\\\/uploads\\\/2016\\\/01\\\/1480033_l.jpg\",\"keywords\":[\"Emissions\",\"Opel\"],\"articleSection\":[\"Informaci\u00f3\"],\"inLanguage\":\"es\"},{\"@type\":\"WebPage\",\"@id\":\"https:\\\/\\\/estaciodeserveimaset.com\\\/opel-preocupada-per-les-emissions\\\/\",\"url\":\"https:\\\/\\\/estaciodeserveimaset.com\\\/opel-preocupada-per-les-emissions\\\/\",\"name\":\"Opel, preocupada per les emissions\",\"isPartOf\":{\"@id\":\"https:\\\/\\\/estaciodeserveimaset.com\\\/#website\"},\"primaryImageOfPage\":{\"@id\":\"https:\\\/\\\/estaciodeserveimaset.com\\\/opel-preocupada-per-les-emissions\\\/#primaryimage\"},\"image\":{\"@id\":\"https:\\\/\\\/estaciodeserveimaset.com\\\/opel-preocupada-per-les-emissions\\\/#primaryimage\"},\"thumbnailUrl\":\"https:\\\/\\\/estaciodeserveimaset.com\\\/wp-content\\\/uploads\\\/2016\\\/01\\\/1480033_l.jpg\",\"datePublished\":\"2016-01-15T12:49:36+00:00\",\"author\":{\"@id\":\"https:\\\/\\\/estaciodeserveimaset.com\\\/#\\\/schema\\\/person\\\/06754f41b30c7200ac8cc1a27a51a606\"},\"description\":\"vVol avan\u00e7ar volunt\u00e0riament per tal d\u2019acomplir les futures normatives al respecte, tant de CO2 com de Nox.\",\"breadcrumb\":{\"@id\":\"https:\\\/\\\/estaciodeserveimaset.com\\\/opel-preocupada-per-les-emissions\\\/#breadcrumb\"},\"inLanguage\":\"es\",\"potentialAction\":[{\"@type\":\"ReadAction\",\"target\":[\"https:\\\/\\\/estaciodeserveimaset.com\\\/opel-preocupada-per-les-emissions\\\/\"]}]},{\"@type\":\"ImageObject\",\"inLanguage\":\"es\",\"@id\":\"https:\\\/\\\/estaciodeserveimaset.com\\\/opel-preocupada-per-les-emissions\\\/#primaryimage\",\"url\":\"https:\\\/\\\/estaciodeserveimaset.com\\\/wp-content\\\/uploads\\\/2016\\\/01\\\/1480033_l.jpg\",\"contentUrl\":\"https:\\\/\\\/estaciodeserveimaset.com\\\/wp-content\\\/uploads\\\/2016\\\/01\\\/1480033_l.jpg\",\"width\":2508,\"height\":1672},{\"@type\":\"BreadcrumbList\",\"@id\":\"https:\\\/\\\/estaciodeserveimaset.com\\\/opel-preocupada-per-les-emissions\\\/#breadcrumb\",\"itemListElement\":[{\"@type\":\"ListItem\",\"position\":1,\"name\":\"Inici\",\"item\":\"https:\\\/\\\/estaciodeserveimaset.com\\\/es\\\/\"},{\"@type\":\"ListItem\",\"position\":2,\"name\":\"Opel, preocupada per les emissions\"}]},{\"@type\":\"WebSite\",\"@id\":\"https:\\\/\\\/estaciodeserveimaset.com\\\/#website\",\"url\":\"https:\\\/\\\/estaciodeserveimaset.com\\\/\",\"name\":\"Estaci\u00f3 de Servei Maset\",\"description\":\"Gasolina i gasoil de calefacci\u00f3 a domicili\",\"potentialAction\":[{\"@type\":\"SearchAction\",\"target\":{\"@type\":\"EntryPoint\",\"urlTemplate\":\"https:\\\/\\\/estaciodeserveimaset.com\\\/?s={search_term_string}\"},\"query-input\":{\"@type\":\"PropertyValueSpecification\",\"valueRequired\":true,\"valueName\":\"search_term_string\"}}],\"inLanguage\":\"es\"},{\"@type\":\"Person\",\"@id\":\"https:\\\/\\\/estaciodeserveimaset.com\\\/#\\\/schema\\\/person\\\/06754f41b30c7200ac8cc1a27a51a606\",\"name\":\"Estaci\u00f3 de Servei Maset\",\"image\":{\"@type\":\"ImageObject\",\"inLanguage\":\"es\",\"@id\":\"https:\\\/\\\/secure.gravatar.com\\\/avatar\\\/b7fb4cff0b30bb664a3fe8271f60c493235311eb1bb917d43fd79a61ae8e99f8?s=96&d=mm&r=g\",\"url\":\"https:\\\/\\\/secure.gravatar.com\\\/avatar\\\/b7fb4cff0b30bb664a3fe8271f60c493235311eb1bb917d43fd79a61ae8e99f8?s=96&d=mm&r=g\",\"contentUrl\":\"https:\\\/\\\/secure.gravatar.com\\\/avatar\\\/b7fb4cff0b30bb664a3fe8271f60c493235311eb1bb917d43fd79a61ae8e99f8?s=96&d=mm&r=g\",\"caption\":\"Estaci\u00f3 de Servei Maset\"}}]}<\/script>\n<!-- \/ Yoast SEO plugin. -->","yoast_head_json":{"title":"Opel, preocupada per les emissions","description":"vVol avan\u00e7ar volunt\u00e0riament per tal d\u2019acomplir les futures normatives al respecte, tant de CO2 com de Nox.","robots":{"index":"index","follow":"follow","max-snippet":"max-snippet:-1","max-image-preview":"max-image-preview:large","max-video-preview":"max-video-preview:-1"},"canonical":"https:\/\/estaciodeserveimaset.com\/opel-preocupada-per-les-emissions\/","og_locale":"es_ES","og_type":"article","og_title":"Opel, preocupada per les emissions","og_description":"vVol avan\u00e7ar volunt\u00e0riament per tal d\u2019acomplir les futures normatives al respecte, tant de CO2 com de Nox.","og_url":"https:\/\/estaciodeserveimaset.com\/opel-preocupada-per-les-emissions\/","og_site_name":"Estaci\u00f3 de Servei Maset","article_published_time":"2016-01-15T12:49:36+00:00","og_image":[{"width":2508,"height":1672,"url":"https:\/\/estaciodeserveimaset.com\/wp-content\/uploads\/2016\/01\/1480033_l.jpg","type":"image\/jpeg"}],"author":"Estaci\u00f3 de Servei Maset","twitter_card":"summary_large_image","twitter_misc":{"Escrito por":"Estaci\u00f3 de Servei Maset","Tiempo de lectura":"1 minuto"},"schema":{"@context":"https:\/\/schema.org","@graph":[{"@type":"Article","@id":"https:\/\/estaciodeserveimaset.com\/opel-preocupada-per-les-emissions\/#article","isPartOf":{"@id":"https:\/\/estaciodeserveimaset.com\/opel-preocupada-per-les-emissions\/"},"author":{"name":"Estaci\u00f3 de Servei Maset","@id":"https:\/\/estaciodeserveimaset.com\/#\/schema\/person\/06754f41b30c7200ac8cc1a27a51a606"},"headline":"Opel, preocupada per les emissions","datePublished":"2016-01-15T12:49:36+00:00","mainEntityOfPage":{"@id":"https:\/\/estaciodeserveimaset.com\/opel-preocupada-per-les-emissions\/"},"wordCount":174,"commentCount":0,"image":{"@id":"https:\/\/estaciodeserveimaset.com\/opel-preocupada-per-les-emissions\/#primaryimage"},"thumbnailUrl":"https:\/\/estaciodeserveimaset.com\/wp-content\/uploads\/2016\/01\/1480033_l.jpg","keywords":["Emissions","Opel"],"articleSection":["Informaci\u00f3"],"inLanguage":"es"},{"@type":"WebPage","@id":"https:\/\/estaciodeserveimaset.com\/opel-preocupada-per-les-emissions\/","url":"https:\/\/estaciodeserveimaset.com\/opel-preocupada-per-les-emissions\/","name":"Opel, preocupada per les emissions","isPartOf":{"@id":"https:\/\/estaciodeserveimaset.com\/#website"},"primaryImageOfPage":{"@id":"https:\/\/estaciodeserveimaset.com\/opel-preocupada-per-les-emissions\/#primaryimage"},"image":{"@id":"https:\/\/estaciodeserveimaset.com\/opel-preocupada-per-les-emissions\/#primaryimage"},"thumbnailUrl":"https:\/\/estaciodeserveimaset.com\/wp-content\/uploads\/2016\/01\/1480033_l.jpg","datePublished":"2016-01-15T12:49:36+00:00","author":{"@id":"https:\/\/estaciodeserveimaset.com\/#\/schema\/person\/06754f41b30c7200ac8cc1a27a51a606"},"description":"vVol avan\u00e7ar volunt\u00e0riament per tal d\u2019acomplir les futures normatives al respecte, tant de CO2 com de Nox.","breadcrumb":{"@id":"https:\/\/estaciodeserveimaset.com\/opel-preocupada-per-les-emissions\/#breadcrumb"},"inLanguage":"es","potentialAction":[{"@type":"ReadAction","target":["https:\/\/estaciodeserveimaset.com\/opel-preocupada-per-les-emissions\/"]}]},{"@type":"ImageObject","inLanguage":"es","@id":"https:\/\/estaciodeserveimaset.com\/opel-preocupada-per-les-emissions\/#primaryimage","url":"https:\/\/estaciodeserveimaset.com\/wp-content\/uploads\/2016\/01\/1480033_l.jpg","contentUrl":"https:\/\/estaciodeserveimaset.com\/wp-content\/uploads\/2016\/01\/1480033_l.jpg","width":2508,"height":1672},{"@type":"BreadcrumbList","@id":"https:\/\/estaciodeserveimaset.com\/opel-preocupada-per-les-emissions\/#breadcrumb","itemListElement":[{"@type":"ListItem","position":1,"name":"Inici","item":"https:\/\/estaciodeserveimaset.com\/es\/"},{"@type":"ListItem","position":2,"name":"Opel, preocupada per les emissions"}]},{"@type":"WebSite","@id":"https:\/\/estaciodeserveimaset.com\/#website","url":"https:\/\/estaciodeserveimaset.com\/","name":"Estaci\u00f3 de Servei Maset","description":"Gasolina i gasoil de calefacci\u00f3 a domicili","potentialAction":[{"@type":"SearchAction","target":{"@type":"EntryPoint","urlTemplate":"https:\/\/estaciodeserveimaset.com\/?s={search_term_string}"},"query-input":{"@type":"PropertyValueSpecification","valueRequired":true,"valueName":"search_term_string"}}],"inLanguage":"es"},{"@type":"Person","@id":"https:\/\/estaciodeserveimaset.com\/#\/schema\/person\/06754f41b30c7200ac8cc1a27a51a606","name":"Estaci\u00f3 de Servei Maset","image":{"@type":"ImageObject","inLanguage":"es","@id":"https:\/\/secure.gravatar.com\/avatar\/b7fb4cff0b30bb664a3fe8271f60c493235311eb1bb917d43fd79a61ae8e99f8?s=96&d=mm&r=g","url":"https:\/\/secure.gravatar.com\/avatar\/b7fb4cff0b30bb664a3fe8271f60c493235311eb1bb917d43fd79a61ae8e99f8?s=96&d=mm&r=g","contentUrl":"https:\/\/secure.gravatar.com\/avatar\/b7fb4cff0b30bb664a3fe8271f60c493235311eb1bb917d43fd79a61ae8e99f8?s=96&d=mm&r=g","caption":"Estaci\u00f3 de Servei Maset"}}]}},"_links":{"self":[{"href":"https:\/\/estaciodeserveimaset.com\/es\/wp-json\/wp\/v2\/posts\/229","targetHints":{"allow":["GET"]}}],"collection":[{"href":"https:\/\/estaciodeserveimaset.com\/es\/wp-json\/wp\/v2\/posts"}],"about":[{"href":"https:\/\/estaciodeserveimaset.com\/es\/wp-json\/wp\/v2\/types\/post"}],"author":[{"embeddable":true,"href":"https:\/\/estaciodeserveimaset.com\/es\/wp-json\/wp\/v2\/users\/1"}],"replies":[{"embeddable":true,"href":"https:\/\/estaciodeserveimaset.com\/es\/wp-json\/wp\/v2\/comments?post=229"}],"version-history":[{"count":0,"href":"https:\/\/estaciodeserveimaset.com\/es\/wp-json\/wp\/v2\/posts\/229\/revisions"}],"wp:featuredmedia":[{"embeddable":true,"href":"https:\/\/estaciodeserveimaset.com\/es\/wp-json\/wp\/v2\/media\/230"}],"wp:attachment":[{"href":"https:\/\/estaciodeserveimaset.com\/es\/wp-json\/wp\/v2\/media?parent=229"}],"wp:term":[{"taxonomy":"category","embeddable":true,"href":"https:\/\/estaciodeserveimaset.com\/es\/wp-json\/wp\/v2\/categories?post=229"},{"taxonomy":"post_tag","embeddable":true,"href":"https:\/\/estaciodeserveimaset.com\/es\/wp-json\/wp\/v2\/tags?post=229"}],"curies":[{"name":"wp","href":"https:\/\/api.w.org\/{rel}","templated":true}]}}