{"id":268,"date":"2016-04-21T14:09:29","date_gmt":"2016-04-21T14:09:29","guid":{"rendered":"http:\/\/blogestaciodeserveimaset.es\/?p=268"},"modified":"2016-04-21T14:09:29","modified_gmt":"2016-04-21T14:09:29","slug":"paises-bajos-a-punto-de-prohibir-las-ventas-de-coches-de-gasolina-y-diesel","status":"publish","type":"post","link":"https:\/\/estaciodeserveimaset.com\/es\/paises-bajos-a-punto-de-prohibir-las-ventas-de-coches-de-gasolina-y-diesel\/","title":{"rendered":"Pa\u00edses Bajos, a punto de prohibir las ventas de coches de gasolina y di\u00e9sel"},"content":{"rendered":"<p>Las ventas de nuevos <strong>coches de gasolina y di\u00e9sel<\/strong> podr\u00edan pasar a la historia a partir del a\u00f1o 2025 en los Pa\u00edses Bajos si el Senado hace vinculante la iniciativa que ya ha aprobado\u00a0la c\u00e1mara baja del parlamento. El proyecto inicialmente propuesto por el Partido del Trabajo (PvdA), el grupo m\u00e1s joven de la coalici\u00f3n de gobierno de los Pa\u00edses Bajos, pretend\u00eda prohibir la circulaci\u00f3n de todos los coches de gasolina y di\u00e9sel pero fue rechazada por el parlamento, seg\u00fan publica\u00a0<em>The Guardian<\/em>.<\/p>\n<p>La propuesta actual permitir\u00eda a los coches ya existentes mantenerse en uso, pero se prohibir\u00edan las ventas de m\u00e1s de esos modelos energ\u00e9ticos en el futuro, asegurando que las carreteras holandesas se electrifican gradualmente durante la pr\u00f3xima d\u00e9cada. Actualmente la cuota de mercado de <strong>coches el\u00e9ctricos<\/strong> de los Pa\u00edses Bajos es algo inferior al 10%.<\/p>\n<p>Los socios de centro-derecha de la coalici\u00f3n del Partido del Trabajo, el VVD, han rechazado esta moci\u00f3n. Su l\u00edder, Halbe Zijlstra, considera que el plan es \u00abpoco realista\u00bb, seg\u00fan recoge la cadena estatal holandesa NOS. Zijlstra se preocupa por el posible conflicto de esta nueva iniciativa con el acuerdo de energ\u00eda del pa\u00eds, que compromete a los Pa\u00edses Bajos a determinados<strong> objetivos de descarbonizaci\u00f3n para el a\u00f1o 2020<\/strong>. Sin embargo, Diederik Samsom, l\u00edder del PvdA, asegura que el proyecto es factible y que de ninguna manera entrar\u00eda en conflicto con el acuerdo de energ\u00eda.<\/p>\n<p>Aunque existan estas diferencias entre los partidos miembros de la coalici\u00f3n de gobierno, el texto ya ha recibido el visto bueno en la c\u00e1mara baja y tan s\u00f3lo tiene que pasar el tr\u00e1mite del Senado para hacer realidad la prohibici\u00f3n de las ventas de los contaminantes veh\u00edculos con motor de combusti\u00f3n.<\/p>\n","protected":false},"excerpt":{"rendered":"<p>Las ventas de nuevos coches de gasolina y di\u00e9sel podr\u00edan pasar a la historia a partir del a\u00f1o 2025 en los Pa\u00edses Bajos si el Senado hace vinculante la iniciativa que ya ha aprobado\u00a0la c\u00e1mara baja del parlamento. El proyecto inicialmente propuesto por el Partido del Trabajo (PvdA), el grupo m\u00e1s joven de la coalici\u00f3n [&hellip;]<\/p>\n","protected":false},"author":1,"featured_media":269,"comment_status":"open","ping_status":"open","sticky":false,"template":"","format":"standard","meta":{"_et_pb_use_builder":"","_et_pb_old_content":"","_et_gb_content_width":"","_joinchat":[],"footnotes":""},"categories":[6],"tags":[22,27,42,59,73],"class_list":["post-268","post","type-post","status-publish","format-standard","has-post-thumbnail","hentry","category-informacio","tag-carburants","tag-circulacio","tag-diesel","tag-gasolina","tag-motor"],"yoast_head":"<!-- This site is optimized with the Yoast SEO plugin v27.5 - https:\/\/yoast.com\/product\/yoast-seo-wordpress\/ -->\n<title>Pa\u00edses Bajos, a punto de prohibir las ventas de coches de gasolina y di\u00e9sel | Estaci\u00f3 de Servei Maset<\/title>\n<meta name=\"description\" content=\"Las ventas de nuevos coches de gasolina y di\u00e9sel podr\u00edan pasar a la historia a partir del a\u00f1o 2025 en los Pa\u00edses Bajos si el Senado aprueba esta propuesta.\" \/>\n<meta name=\"robots\" content=\"index, follow, max-snippet:-1, max-image-preview:large, max-video-preview:-1\" \/>\n<link rel=\"canonical\" href=\"https:\/\/estaciodeserveimaset.com\/paises-bajos-a-punto-de-prohibir-las-ventas-de-coches-de-gasolina-y-diesel\/\" \/>\n<meta property=\"og:locale\" content=\"es_ES\" \/>\n<meta property=\"og:type\" content=\"article\" \/>\n<meta property=\"og:title\" content=\"Pa\u00edses Bajos, a punto de prohibir las ventas de coches de gasolina y di\u00e9sel | Estaci\u00f3 de Servei Maset\" \/>\n<meta property=\"og:description\" content=\"Las ventas de nuevos coches de gasolina y di\u00e9sel podr\u00edan pasar a la historia a partir del a\u00f1o 2025 en los Pa\u00edses Bajos si el Senado aprueba esta propuesta.\" \/>\n<meta property=\"og:url\" content=\"https:\/\/estaciodeserveimaset.com\/paises-bajos-a-punto-de-prohibir-las-ventas-de-coches-de-gasolina-y-diesel\/\" \/>\n<meta property=\"og:site_name\" content=\"Estaci\u00f3 de Servei Maset\" \/>\n<meta property=\"article:published_time\" content=\"2016-04-21T14:09:29+00:00\" \/>\n<meta property=\"og:image\" content=\"https:\/\/estaciodeserveimaset.com\/wp-content\/uploads\/2016\/04\/20231108_l.jpg\" \/>\n\t<meta property=\"og:image:width\" content=\"2508\" \/>\n\t<meta property=\"og:image:height\" content=\"1672\" \/>\n\t<meta property=\"og:image:type\" content=\"image\/jpeg\" \/>\n<meta name=\"author\" content=\"Estaci\u00f3 de Servei Maset\" \/>\n<meta name=\"twitter:card\" content=\"summary_large_image\" \/>\n<meta name=\"twitter:label1\" content=\"Escrito por\" \/>\n\t<meta name=\"twitter:data1\" content=\"Estaci\u00f3 de Servei Maset\" \/>\n\t<meta name=\"twitter:label2\" content=\"Tiempo de lectura\" \/>\n\t<meta name=\"twitter:data2\" content=\"2 minutos\" \/>\n<script type=\"application\/ld+json\" class=\"yoast-schema-graph\">{\"@context\":\"https:\\\/\\\/schema.org\",\"@graph\":[{\"@type\":\"Article\",\"@id\":\"https:\\\/\\\/estaciodeserveimaset.com\\\/paises-bajos-a-punto-de-prohibir-las-ventas-de-coches-de-gasolina-y-diesel\\\/#article\",\"isPartOf\":{\"@id\":\"https:\\\/\\\/estaciodeserveimaset.com\\\/paises-bajos-a-punto-de-prohibir-las-ventas-de-coches-de-gasolina-y-diesel\\\/\"},\"author\":{\"name\":\"Estaci\u00f3 de Servei Maset\",\"@id\":\"https:\\\/\\\/estaciodeserveimaset.com\\\/#\\\/schema\\\/person\\\/06754f41b30c7200ac8cc1a27a51a606\"},\"headline\":\"Pa\u00edses Bajos, a punto de prohibir las ventas de coches de gasolina y di\u00e9sel\",\"datePublished\":\"2016-04-21T14:09:29+00:00\",\"mainEntityOfPage\":{\"@id\":\"https:\\\/\\\/estaciodeserveimaset.com\\\/paises-bajos-a-punto-de-prohibir-las-ventas-de-coches-de-gasolina-y-diesel\\\/\"},\"wordCount\":336,\"commentCount\":0,\"image\":{\"@id\":\"https:\\\/\\\/estaciodeserveimaset.com\\\/paises-bajos-a-punto-de-prohibir-las-ventas-de-coches-de-gasolina-y-diesel\\\/#primaryimage\"},\"thumbnailUrl\":\"https:\\\/\\\/estaciodeserveimaset.com\\\/wp-content\\\/uploads\\\/2016\\\/04\\\/20231108_l.jpg\",\"keywords\":[\"carburants\",\"circulaci\u00f3\",\"diesel\",\"gasolina\",\"motor\"],\"articleSection\":[\"Informaci\u00f3\"],\"inLanguage\":\"es\"},{\"@type\":\"WebPage\",\"@id\":\"https:\\\/\\\/estaciodeserveimaset.com\\\/paises-bajos-a-punto-de-prohibir-las-ventas-de-coches-de-gasolina-y-diesel\\\/\",\"url\":\"https:\\\/\\\/estaciodeserveimaset.com\\\/paises-bajos-a-punto-de-prohibir-las-ventas-de-coches-de-gasolina-y-diesel\\\/\",\"name\":\"Pa\u00edses Bajos, a punto de prohibir las ventas de coches de gasolina y di\u00e9sel | Estaci\u00f3 de Servei Maset\",\"isPartOf\":{\"@id\":\"https:\\\/\\\/estaciodeserveimaset.com\\\/#website\"},\"primaryImageOfPage\":{\"@id\":\"https:\\\/\\\/estaciodeserveimaset.com\\\/paises-bajos-a-punto-de-prohibir-las-ventas-de-coches-de-gasolina-y-diesel\\\/#primaryimage\"},\"image\":{\"@id\":\"https:\\\/\\\/estaciodeserveimaset.com\\\/paises-bajos-a-punto-de-prohibir-las-ventas-de-coches-de-gasolina-y-diesel\\\/#primaryimage\"},\"thumbnailUrl\":\"https:\\\/\\\/estaciodeserveimaset.com\\\/wp-content\\\/uploads\\\/2016\\\/04\\\/20231108_l.jpg\",\"datePublished\":\"2016-04-21T14:09:29+00:00\",\"author\":{\"@id\":\"https:\\\/\\\/estaciodeserveimaset.com\\\/#\\\/schema\\\/person\\\/06754f41b30c7200ac8cc1a27a51a606\"},\"description\":\"Las ventas de nuevos coches de gasolina y di\u00e9sel podr\u00edan pasar a la historia a partir del a\u00f1o 2025 en los Pa\u00edses Bajos si el Senado aprueba esta propuesta.\",\"breadcrumb\":{\"@id\":\"https:\\\/\\\/estaciodeserveimaset.com\\\/paises-bajos-a-punto-de-prohibir-las-ventas-de-coches-de-gasolina-y-diesel\\\/#breadcrumb\"},\"inLanguage\":\"es\",\"potentialAction\":[{\"@type\":\"ReadAction\",\"target\":[\"https:\\\/\\\/estaciodeserveimaset.com\\\/paises-bajos-a-punto-de-prohibir-las-ventas-de-coches-de-gasolina-y-diesel\\\/\"]}]},{\"@type\":\"ImageObject\",\"inLanguage\":\"es\",\"@id\":\"https:\\\/\\\/estaciodeserveimaset.com\\\/paises-bajos-a-punto-de-prohibir-las-ventas-de-coches-de-gasolina-y-diesel\\\/#primaryimage\",\"url\":\"https:\\\/\\\/estaciodeserveimaset.com\\\/wp-content\\\/uploads\\\/2016\\\/04\\\/20231108_l.jpg\",\"contentUrl\":\"https:\\\/\\\/estaciodeserveimaset.com\\\/wp-content\\\/uploads\\\/2016\\\/04\\\/20231108_l.jpg\",\"width\":2508,\"height\":1672,\"caption\":\"coche de gasolina y el\u00e9ctrico\"},{\"@type\":\"BreadcrumbList\",\"@id\":\"https:\\\/\\\/estaciodeserveimaset.com\\\/paises-bajos-a-punto-de-prohibir-las-ventas-de-coches-de-gasolina-y-diesel\\\/#breadcrumb\",\"itemListElement\":[{\"@type\":\"ListItem\",\"position\":1,\"name\":\"Inici\",\"item\":\"https:\\\/\\\/estaciodeserveimaset.com\\\/es\\\/\"},{\"@type\":\"ListItem\",\"position\":2,\"name\":\"Pa\u00edses Bajos, a punto de prohibir las ventas de coches de gasolina y di\u00e9sel\"}]},{\"@type\":\"WebSite\",\"@id\":\"https:\\\/\\\/estaciodeserveimaset.com\\\/#website\",\"url\":\"https:\\\/\\\/estaciodeserveimaset.com\\\/\",\"name\":\"Estaci\u00f3 de Servei Maset\",\"description\":\"Gasolina i gasoil de calefacci\u00f3 a domicili\",\"potentialAction\":[{\"@type\":\"SearchAction\",\"target\":{\"@type\":\"EntryPoint\",\"urlTemplate\":\"https:\\\/\\\/estaciodeserveimaset.com\\\/?s={search_term_string}\"},\"query-input\":{\"@type\":\"PropertyValueSpecification\",\"valueRequired\":true,\"valueName\":\"search_term_string\"}}],\"inLanguage\":\"es\"},{\"@type\":\"Person\",\"@id\":\"https:\\\/\\\/estaciodeserveimaset.com\\\/#\\\/schema\\\/person\\\/06754f41b30c7200ac8cc1a27a51a606\",\"name\":\"Estaci\u00f3 de Servei Maset\",\"image\":{\"@type\":\"ImageObject\",\"inLanguage\":\"es\",\"@id\":\"https:\\\/\\\/secure.gravatar.com\\\/avatar\\\/b7fb4cff0b30bb664a3fe8271f60c493235311eb1bb917d43fd79a61ae8e99f8?s=96&d=mm&r=g\",\"url\":\"https:\\\/\\\/secure.gravatar.com\\\/avatar\\\/b7fb4cff0b30bb664a3fe8271f60c493235311eb1bb917d43fd79a61ae8e99f8?s=96&d=mm&r=g\",\"contentUrl\":\"https:\\\/\\\/secure.gravatar.com\\\/avatar\\\/b7fb4cff0b30bb664a3fe8271f60c493235311eb1bb917d43fd79a61ae8e99f8?s=96&d=mm&r=g\",\"caption\":\"Estaci\u00f3 de Servei Maset\"}}]}<\/script>\n<!-- \/ Yoast SEO plugin. -->","yoast_head_json":{"title":"Pa\u00edses Bajos, a punto de prohibir las ventas de coches de gasolina y di\u00e9sel | Estaci\u00f3 de Servei Maset","description":"Las ventas de nuevos coches de gasolina y di\u00e9sel podr\u00edan pasar a la historia a partir del a\u00f1o 2025 en los Pa\u00edses Bajos si el Senado aprueba esta propuesta.","robots":{"index":"index","follow":"follow","max-snippet":"max-snippet:-1","max-image-preview":"max-image-preview:large","max-video-preview":"max-video-preview:-1"},"canonical":"https:\/\/estaciodeserveimaset.com\/paises-bajos-a-punto-de-prohibir-las-ventas-de-coches-de-gasolina-y-diesel\/","og_locale":"es_ES","og_type":"article","og_title":"Pa\u00edses Bajos, a punto de prohibir las ventas de coches de gasolina y di\u00e9sel | Estaci\u00f3 de Servei Maset","og_description":"Las ventas de nuevos coches de gasolina y di\u00e9sel podr\u00edan pasar a la historia a partir del a\u00f1o 2025 en los Pa\u00edses Bajos si el Senado aprueba esta propuesta.","og_url":"https:\/\/estaciodeserveimaset.com\/paises-bajos-a-punto-de-prohibir-las-ventas-de-coches-de-gasolina-y-diesel\/","og_site_name":"Estaci\u00f3 de Servei Maset","article_published_time":"2016-04-21T14:09:29+00:00","og_image":[{"width":2508,"height":1672,"url":"https:\/\/estaciodeserveimaset.com\/wp-content\/uploads\/2016\/04\/20231108_l.jpg","type":"image\/jpeg"}],"author":"Estaci\u00f3 de Servei Maset","twitter_card":"summary_large_image","twitter_misc":{"Escrito por":"Estaci\u00f3 de Servei Maset","Tiempo de lectura":"2 minutos"},"schema":{"@context":"https:\/\/schema.org","@graph":[{"@type":"Article","@id":"https:\/\/estaciodeserveimaset.com\/paises-bajos-a-punto-de-prohibir-las-ventas-de-coches-de-gasolina-y-diesel\/#article","isPartOf":{"@id":"https:\/\/estaciodeserveimaset.com\/paises-bajos-a-punto-de-prohibir-las-ventas-de-coches-de-gasolina-y-diesel\/"},"author":{"name":"Estaci\u00f3 de Servei Maset","@id":"https:\/\/estaciodeserveimaset.com\/#\/schema\/person\/06754f41b30c7200ac8cc1a27a51a606"},"headline":"Pa\u00edses Bajos, a punto de prohibir las ventas de coches de gasolina y di\u00e9sel","datePublished":"2016-04-21T14:09:29+00:00","mainEntityOfPage":{"@id":"https:\/\/estaciodeserveimaset.com\/paises-bajos-a-punto-de-prohibir-las-ventas-de-coches-de-gasolina-y-diesel\/"},"wordCount":336,"commentCount":0,"image":{"@id":"https:\/\/estaciodeserveimaset.com\/paises-bajos-a-punto-de-prohibir-las-ventas-de-coches-de-gasolina-y-diesel\/#primaryimage"},"thumbnailUrl":"https:\/\/estaciodeserveimaset.com\/wp-content\/uploads\/2016\/04\/20231108_l.jpg","keywords":["carburants","circulaci\u00f3","diesel","gasolina","motor"],"articleSection":["Informaci\u00f3"],"inLanguage":"es"},{"@type":"WebPage","@id":"https:\/\/estaciodeserveimaset.com\/paises-bajos-a-punto-de-prohibir-las-ventas-de-coches-de-gasolina-y-diesel\/","url":"https:\/\/estaciodeserveimaset.com\/paises-bajos-a-punto-de-prohibir-las-ventas-de-coches-de-gasolina-y-diesel\/","name":"Pa\u00edses Bajos, a punto de prohibir las ventas de coches de gasolina y di\u00e9sel | Estaci\u00f3 de Servei Maset","isPartOf":{"@id":"https:\/\/estaciodeserveimaset.com\/#website"},"primaryImageOfPage":{"@id":"https:\/\/estaciodeserveimaset.com\/paises-bajos-a-punto-de-prohibir-las-ventas-de-coches-de-gasolina-y-diesel\/#primaryimage"},"image":{"@id":"https:\/\/estaciodeserveimaset.com\/paises-bajos-a-punto-de-prohibir-las-ventas-de-coches-de-gasolina-y-diesel\/#primaryimage"},"thumbnailUrl":"https:\/\/estaciodeserveimaset.com\/wp-content\/uploads\/2016\/04\/20231108_l.jpg","datePublished":"2016-04-21T14:09:29+00:00","author":{"@id":"https:\/\/estaciodeserveimaset.com\/#\/schema\/person\/06754f41b30c7200ac8cc1a27a51a606"},"description":"Las ventas de nuevos coches de gasolina y di\u00e9sel podr\u00edan pasar a la historia a partir del a\u00f1o 2025 en los Pa\u00edses Bajos si el Senado aprueba esta propuesta.","breadcrumb":{"@id":"https:\/\/estaciodeserveimaset.com\/paises-bajos-a-punto-de-prohibir-las-ventas-de-coches-de-gasolina-y-diesel\/#breadcrumb"},"inLanguage":"es","potentialAction":[{"@type":"ReadAction","target":["https:\/\/estaciodeserveimaset.com\/paises-bajos-a-punto-de-prohibir-las-ventas-de-coches-de-gasolina-y-diesel\/"]}]},{"@type":"ImageObject","inLanguage":"es","@id":"https:\/\/estaciodeserveimaset.com\/paises-bajos-a-punto-de-prohibir-las-ventas-de-coches-de-gasolina-y-diesel\/#primaryimage","url":"https:\/\/estaciodeserveimaset.com\/wp-content\/uploads\/2016\/04\/20231108_l.jpg","contentUrl":"https:\/\/estaciodeserveimaset.com\/wp-content\/uploads\/2016\/04\/20231108_l.jpg","width":2508,"height":1672,"caption":"coche de gasolina y el\u00e9ctrico"},{"@type":"BreadcrumbList","@id":"https:\/\/estaciodeserveimaset.com\/paises-bajos-a-punto-de-prohibir-las-ventas-de-coches-de-gasolina-y-diesel\/#breadcrumb","itemListElement":[{"@type":"ListItem","position":1,"name":"Inici","item":"https:\/\/estaciodeserveimaset.com\/es\/"},{"@type":"ListItem","position":2,"name":"Pa\u00edses Bajos, a punto de prohibir las ventas de coches de gasolina y di\u00e9sel"}]},{"@type":"WebSite","@id":"https:\/\/estaciodeserveimaset.com\/#website","url":"https:\/\/estaciodeserveimaset.com\/","name":"Estaci\u00f3 de Servei Maset","description":"Gasolina i gasoil de calefacci\u00f3 a domicili","potentialAction":[{"@type":"SearchAction","target":{"@type":"EntryPoint","urlTemplate":"https:\/\/estaciodeserveimaset.com\/?s={search_term_string}"},"query-input":{"@type":"PropertyValueSpecification","valueRequired":true,"valueName":"search_term_string"}}],"inLanguage":"es"},{"@type":"Person","@id":"https:\/\/estaciodeserveimaset.com\/#\/schema\/person\/06754f41b30c7200ac8cc1a27a51a606","name":"Estaci\u00f3 de Servei Maset","image":{"@type":"ImageObject","inLanguage":"es","@id":"https:\/\/secure.gravatar.com\/avatar\/b7fb4cff0b30bb664a3fe8271f60c493235311eb1bb917d43fd79a61ae8e99f8?s=96&d=mm&r=g","url":"https:\/\/secure.gravatar.com\/avatar\/b7fb4cff0b30bb664a3fe8271f60c493235311eb1bb917d43fd79a61ae8e99f8?s=96&d=mm&r=g","contentUrl":"https:\/\/secure.gravatar.com\/avatar\/b7fb4cff0b30bb664a3fe8271f60c493235311eb1bb917d43fd79a61ae8e99f8?s=96&d=mm&r=g","caption":"Estaci\u00f3 de Servei Maset"}}]}},"_links":{"self":[{"href":"https:\/\/estaciodeserveimaset.com\/es\/wp-json\/wp\/v2\/posts\/268","targetHints":{"allow":["GET"]}}],"collection":[{"href":"https:\/\/estaciodeserveimaset.com\/es\/wp-json\/wp\/v2\/posts"}],"about":[{"href":"https:\/\/estaciodeserveimaset.com\/es\/wp-json\/wp\/v2\/types\/post"}],"author":[{"embeddable":true,"href":"https:\/\/estaciodeserveimaset.com\/es\/wp-json\/wp\/v2\/users\/1"}],"replies":[{"embeddable":true,"href":"https:\/\/estaciodeserveimaset.com\/es\/wp-json\/wp\/v2\/comments?post=268"}],"version-history":[{"count":0,"href":"https:\/\/estaciodeserveimaset.com\/es\/wp-json\/wp\/v2\/posts\/268\/revisions"}],"wp:featuredmedia":[{"embeddable":true,"href":"https:\/\/estaciodeserveimaset.com\/es\/wp-json\/wp\/v2\/media\/269"}],"wp:attachment":[{"href":"https:\/\/estaciodeserveimaset.com\/es\/wp-json\/wp\/v2\/media?parent=268"}],"wp:term":[{"taxonomy":"category","embeddable":true,"href":"https:\/\/estaciodeserveimaset.com\/es\/wp-json\/wp\/v2\/categories?post=268"},{"taxonomy":"post_tag","embeddable":true,"href":"https:\/\/estaciodeserveimaset.com\/es\/wp-json\/wp\/v2\/tags?post=268"}],"curies":[{"name":"wp","href":"https:\/\/api.w.org\/{rel}","templated":true}]}}