{"id":549,"date":"2017-07-09T11:01:00","date_gmt":"2017-07-09T11:01:00","guid":{"rendered":"http:\/\/estacioserveimaset.com\/es\/conduir-durant-les-hores-de-sol-quan-es-mes-baix\/"},"modified":"2017-07-11T20:58:09","modified_gmt":"2017-07-11T20:58:09","slug":"conducir-durante-las-horas-de-solo-cuando-se-mas-bajo","status":"publish","type":"post","link":"https:\/\/estaciodeserveimaset.com\/es\/conducir-durante-las-horas-de-solo-cuando-se-mas-bajo\/","title":{"rendered":"\u00bfConducir durante las horas de sol cuando es m\u00e1s bajo?"},"content":{"rendered":"<p>Conducir en carretera puede ser muy pesado si se tienen los rayos del sol de cara. Es por eso que conviene evitar las horas en las cuales el sol est\u00e1 m\u00e1s bajo, puesto que dificulta la visi\u00f3n de los otros coches por el exceso de iluminaci\u00f3n. Adem\u00e1s, implica un sobreesfuerzo para poder ver correctamente.<\/p>\n<p>Conducir con el sol bajo y enfrente nuestro, tambi\u00e9n implica que nos venga somnolencia, agotamos nuestra vista y que al finalizar nuestro viaje, sobre todo si este ha sido de muchas horas, nuestros ojos queden resentidos.<\/p>\n<p>Si no pod\u00e9is evitar las horas m\u00e1s molestas del sol y ten\u00e9is que ir en la direcci\u00f3n opuesta a los rayos de manera inevitable, lo mejor es asegurarse en disponer de unas buenas gafas de sol que nos permitan ver bien la carretera, incluso, en estas condiciones.<\/p>\n<h3>Gafas de sol polarizadas para una visi\u00f3n n\u00edtida durante la conducci\u00f3n<\/h3>\n<p>La mejor opci\u00f3n es usar unas gafas polarizadas, Las gafas de sol polarizadas tienen la caracter\u00edstica de filtrar la luz que recibe la lente y desde una direcci\u00f3n concreta. Adem\u00e1s, ofrecen una visi\u00f3n n\u00edtida en todos los \u00e1ngulos de visi\u00f3n<\/p>\n<p>Tambi\u00e9n es necesario descansar un poco en medio del tramo, para permitir que el movimiento del sol haga que los rayos no sean tan directos, adem\u00e1s de descansar los ojos.<\/p>\n","protected":false},"excerpt":{"rendered":"<p>Conducir en carretera puede ser muy pesado si se tienen los rayos del sol de cara. Es por eso que conviene evitar las horas en las cuales el sol est\u00e1 m\u00e1s bajo, puesto que dificulta la visi\u00f3n de los otros coches por el exceso de iluminaci\u00f3n. Adem\u00e1s, implica un sobreesfuerzo para poder ver correctamente. Conducir [&hellip;]<\/p>\n","protected":false},"author":1,"featured_media":547,"comment_status":"open","ping_status":"open","sticky":false,"template":"","format":"standard","meta":{"_et_pb_use_builder":"","_et_pb_old_content":"","_et_gb_content_width":"","_joinchat":[],"footnotes":""},"categories":[110],"tags":[141],"class_list":["post-549","post","type-post","status-publish","format-standard","has-post-thumbnail","hentry","category-informacion-es","tag-sol-al-conduir-es"],"yoast_head":"<!-- This site is optimized with the Yoast SEO plugin v27.5 - https:\/\/yoast.com\/product\/yoast-seo-wordpress\/ -->\n<title>Conduir durant les hores de sol quan es m\u00e9s baix? | Estaci\u00f3 Servei Maset<\/title>\n<meta name=\"description\" content=\"Conduir en carretera pot ser molt pesat si es tenen els rajos del sol de cara. \u00c9s per aix\u00f2 que conv\u00e9 evitar les hores en les que el sol est\u00e0 m\u00e9s baix.\" \/>\n<meta name=\"robots\" content=\"index, follow, max-snippet:-1, max-image-preview:large, max-video-preview:-1\" \/>\n<link rel=\"canonical\" href=\"https:\/\/estaciodeserveimaset.com\/es\/conducir-durante-las-horas-de-solo-cuando-se-mas-bajo\/\" \/>\n<meta property=\"og:locale\" content=\"es_ES\" \/>\n<meta property=\"og:type\" content=\"article\" \/>\n<meta property=\"og:title\" content=\"Conduir durant les hores de sol quan es m\u00e9s baix? | Estaci\u00f3 Servei Maset\" \/>\n<meta property=\"og:description\" content=\"Conduir en carretera pot ser molt pesat si es tenen els rajos del sol de cara. \u00c9s per aix\u00f2 que conv\u00e9 evitar les hores en les que el sol est\u00e0 m\u00e9s baix.\" \/>\n<meta property=\"og:url\" content=\"https:\/\/estaciodeserveimaset.com\/es\/conducir-durante-las-horas-de-solo-cuando-se-mas-bajo\/\" \/>\n<meta property=\"og:site_name\" content=\"Estaci\u00f3 de Servei Maset\" \/>\n<meta property=\"article:published_time\" content=\"2017-07-09T11:01:00+00:00\" \/>\n<meta property=\"article:modified_time\" content=\"2017-07-11T20:58:09+00:00\" \/>\n<meta property=\"og:image\" content=\"https:\/\/estaciodeserveimaset.com\/wp-content\/uploads\/2017\/07\/conduir.jpg\" \/>\n\t<meta property=\"og:image:width\" content=\"1280\" \/>\n\t<meta property=\"og:image:height\" content=\"853\" \/>\n\t<meta property=\"og:image:type\" content=\"image\/jpeg\" \/>\n<meta name=\"author\" content=\"Estaci\u00f3 de Servei Maset\" \/>\n<meta name=\"twitter:card\" content=\"summary_large_image\" \/>\n<meta name=\"twitter:label1\" content=\"Escrito por\" \/>\n\t<meta name=\"twitter:data1\" content=\"Estaci\u00f3 de Servei Maset\" \/>\n\t<meta name=\"twitter:label2\" content=\"Tiempo de lectura\" \/>\n\t<meta name=\"twitter:data2\" content=\"1 minuto\" \/>\n<script type=\"application\/ld+json\" class=\"yoast-schema-graph\">{\"@context\":\"https:\\\/\\\/schema.org\",\"@graph\":[{\"@type\":\"Article\",\"@id\":\"https:\\\/\\\/estaciodeserveimaset.com\\\/es\\\/conducir-durante-las-horas-de-solo-cuando-se-mas-bajo\\\/#article\",\"isPartOf\":{\"@id\":\"https:\\\/\\\/estaciodeserveimaset.com\\\/es\\\/conducir-durante-las-horas-de-solo-cuando-se-mas-bajo\\\/\"},\"author\":{\"name\":\"Estaci\u00f3 de Servei Maset\",\"@id\":\"https:\\\/\\\/estaciodeserveimaset.com\\\/#\\\/schema\\\/person\\\/06754f41b30c7200ac8cc1a27a51a606\"},\"headline\":\"\u00bfConducir durante las horas de sol cuando es m\u00e1s bajo?\",\"datePublished\":\"2017-07-09T11:01:00+00:00\",\"dateModified\":\"2017-07-11T20:58:09+00:00\",\"mainEntityOfPage\":{\"@id\":\"https:\\\/\\\/estaciodeserveimaset.com\\\/es\\\/conducir-durante-las-horas-de-solo-cuando-se-mas-bajo\\\/\"},\"wordCount\":250,\"commentCount\":0,\"image\":{\"@id\":\"https:\\\/\\\/estaciodeserveimaset.com\\\/es\\\/conducir-durante-las-horas-de-solo-cuando-se-mas-bajo\\\/#primaryimage\"},\"thumbnailUrl\":\"https:\\\/\\\/estaciodeserveimaset.com\\\/wp-content\\\/uploads\\\/2017\\\/07\\\/conduir.jpg\",\"keywords\":[\"sol al conduir\"],\"articleSection\":[\"Informaci\u00f3n\"],\"inLanguage\":\"es\"},{\"@type\":\"WebPage\",\"@id\":\"https:\\\/\\\/estaciodeserveimaset.com\\\/es\\\/conducir-durante-las-horas-de-solo-cuando-se-mas-bajo\\\/\",\"url\":\"https:\\\/\\\/estaciodeserveimaset.com\\\/es\\\/conducir-durante-las-horas-de-solo-cuando-se-mas-bajo\\\/\",\"name\":\"Conduir durant les hores de sol quan es m\u00e9s baix? | Estaci\u00f3 Servei Maset\",\"isPartOf\":{\"@id\":\"https:\\\/\\\/estaciodeserveimaset.com\\\/#website\"},\"primaryImageOfPage\":{\"@id\":\"https:\\\/\\\/estaciodeserveimaset.com\\\/es\\\/conducir-durante-las-horas-de-solo-cuando-se-mas-bajo\\\/#primaryimage\"},\"image\":{\"@id\":\"https:\\\/\\\/estaciodeserveimaset.com\\\/es\\\/conducir-durante-las-horas-de-solo-cuando-se-mas-bajo\\\/#primaryimage\"},\"thumbnailUrl\":\"https:\\\/\\\/estaciodeserveimaset.com\\\/wp-content\\\/uploads\\\/2017\\\/07\\\/conduir.jpg\",\"datePublished\":\"2017-07-09T11:01:00+00:00\",\"dateModified\":\"2017-07-11T20:58:09+00:00\",\"author\":{\"@id\":\"https:\\\/\\\/estaciodeserveimaset.com\\\/#\\\/schema\\\/person\\\/06754f41b30c7200ac8cc1a27a51a606\"},\"description\":\"Conduir en carretera pot ser molt pesat si es tenen els rajos del sol de cara. \u00c9s per aix\u00f2 que conv\u00e9 evitar les hores en les que el sol est\u00e0 m\u00e9s baix.\",\"breadcrumb\":{\"@id\":\"https:\\\/\\\/estaciodeserveimaset.com\\\/es\\\/conducir-durante-las-horas-de-solo-cuando-se-mas-bajo\\\/#breadcrumb\"},\"inLanguage\":\"es\",\"potentialAction\":[{\"@type\":\"ReadAction\",\"target\":[\"https:\\\/\\\/estaciodeserveimaset.com\\\/es\\\/conducir-durante-las-horas-de-solo-cuando-se-mas-bajo\\\/\"]}]},{\"@type\":\"ImageObject\",\"inLanguage\":\"es\",\"@id\":\"https:\\\/\\\/estaciodeserveimaset.com\\\/es\\\/conducir-durante-las-horas-de-solo-cuando-se-mas-bajo\\\/#primaryimage\",\"url\":\"https:\\\/\\\/estaciodeserveimaset.com\\\/wp-content\\\/uploads\\\/2017\\\/07\\\/conduir.jpg\",\"contentUrl\":\"https:\\\/\\\/estaciodeserveimaset.com\\\/wp-content\\\/uploads\\\/2017\\\/07\\\/conduir.jpg\",\"width\":\"1280\",\"height\":\"853\",\"caption\":\"Conduir\"},{\"@type\":\"BreadcrumbList\",\"@id\":\"https:\\\/\\\/estaciodeserveimaset.com\\\/es\\\/conducir-durante-las-horas-de-solo-cuando-se-mas-bajo\\\/#breadcrumb\",\"itemListElement\":[{\"@type\":\"ListItem\",\"position\":1,\"name\":\"Inici\",\"item\":\"https:\\\/\\\/estaciodeserveimaset.com\\\/es\\\/\"},{\"@type\":\"ListItem\",\"position\":2,\"name\":\"\u00bfConducir durante las horas de sol cuando es m\u00e1s bajo?\"}]},{\"@type\":\"WebSite\",\"@id\":\"https:\\\/\\\/estaciodeserveimaset.com\\\/#website\",\"url\":\"https:\\\/\\\/estaciodeserveimaset.com\\\/\",\"name\":\"Estaci\u00f3 de Servei Maset\",\"description\":\"Gasolina i gasoil de calefacci\u00f3 a domicili\",\"potentialAction\":[{\"@type\":\"SearchAction\",\"target\":{\"@type\":\"EntryPoint\",\"urlTemplate\":\"https:\\\/\\\/estaciodeserveimaset.com\\\/?s={search_term_string}\"},\"query-input\":{\"@type\":\"PropertyValueSpecification\",\"valueRequired\":true,\"valueName\":\"search_term_string\"}}],\"inLanguage\":\"es\"},{\"@type\":\"Person\",\"@id\":\"https:\\\/\\\/estaciodeserveimaset.com\\\/#\\\/schema\\\/person\\\/06754f41b30c7200ac8cc1a27a51a606\",\"name\":\"Estaci\u00f3 de Servei Maset\",\"image\":{\"@type\":\"ImageObject\",\"inLanguage\":\"es\",\"@id\":\"https:\\\/\\\/secure.gravatar.com\\\/avatar\\\/b7fb4cff0b30bb664a3fe8271f60c493235311eb1bb917d43fd79a61ae8e99f8?s=96&d=mm&r=g\",\"url\":\"https:\\\/\\\/secure.gravatar.com\\\/avatar\\\/b7fb4cff0b30bb664a3fe8271f60c493235311eb1bb917d43fd79a61ae8e99f8?s=96&d=mm&r=g\",\"contentUrl\":\"https:\\\/\\\/secure.gravatar.com\\\/avatar\\\/b7fb4cff0b30bb664a3fe8271f60c493235311eb1bb917d43fd79a61ae8e99f8?s=96&d=mm&r=g\",\"caption\":\"Estaci\u00f3 de Servei Maset\"}}]}<\/script>\n<!-- \/ Yoast SEO plugin. -->","yoast_head_json":{"title":"Conduir durant les hores de sol quan es m\u00e9s baix? | Estaci\u00f3 Servei Maset","description":"Conduir en carretera pot ser molt pesat si es tenen els rajos del sol de cara. \u00c9s per aix\u00f2 que conv\u00e9 evitar les hores en les que el sol est\u00e0 m\u00e9s baix.","robots":{"index":"index","follow":"follow","max-snippet":"max-snippet:-1","max-image-preview":"max-image-preview:large","max-video-preview":"max-video-preview:-1"},"canonical":"https:\/\/estaciodeserveimaset.com\/es\/conducir-durante-las-horas-de-solo-cuando-se-mas-bajo\/","og_locale":"es_ES","og_type":"article","og_title":"Conduir durant les hores de sol quan es m\u00e9s baix? | Estaci\u00f3 Servei Maset","og_description":"Conduir en carretera pot ser molt pesat si es tenen els rajos del sol de cara. \u00c9s per aix\u00f2 que conv\u00e9 evitar les hores en les que el sol est\u00e0 m\u00e9s baix.","og_url":"https:\/\/estaciodeserveimaset.com\/es\/conducir-durante-las-horas-de-solo-cuando-se-mas-bajo\/","og_site_name":"Estaci\u00f3 de Servei Maset","article_published_time":"2017-07-09T11:01:00+00:00","article_modified_time":"2017-07-11T20:58:09+00:00","og_image":[{"width":1280,"height":853,"url":"https:\/\/estaciodeserveimaset.com\/wp-content\/uploads\/2017\/07\/conduir.jpg","type":"image\/jpeg"}],"author":"Estaci\u00f3 de Servei Maset","twitter_card":"summary_large_image","twitter_misc":{"Escrito por":"Estaci\u00f3 de Servei Maset","Tiempo de lectura":"1 minuto"},"schema":{"@context":"https:\/\/schema.org","@graph":[{"@type":"Article","@id":"https:\/\/estaciodeserveimaset.com\/es\/conducir-durante-las-horas-de-solo-cuando-se-mas-bajo\/#article","isPartOf":{"@id":"https:\/\/estaciodeserveimaset.com\/es\/conducir-durante-las-horas-de-solo-cuando-se-mas-bajo\/"},"author":{"name":"Estaci\u00f3 de Servei Maset","@id":"https:\/\/estaciodeserveimaset.com\/#\/schema\/person\/06754f41b30c7200ac8cc1a27a51a606"},"headline":"\u00bfConducir durante las horas de sol cuando es m\u00e1s bajo?","datePublished":"2017-07-09T11:01:00+00:00","dateModified":"2017-07-11T20:58:09+00:00","mainEntityOfPage":{"@id":"https:\/\/estaciodeserveimaset.com\/es\/conducir-durante-las-horas-de-solo-cuando-se-mas-bajo\/"},"wordCount":250,"commentCount":0,"image":{"@id":"https:\/\/estaciodeserveimaset.com\/es\/conducir-durante-las-horas-de-solo-cuando-se-mas-bajo\/#primaryimage"},"thumbnailUrl":"https:\/\/estaciodeserveimaset.com\/wp-content\/uploads\/2017\/07\/conduir.jpg","keywords":["sol al conduir"],"articleSection":["Informaci\u00f3n"],"inLanguage":"es"},{"@type":"WebPage","@id":"https:\/\/estaciodeserveimaset.com\/es\/conducir-durante-las-horas-de-solo-cuando-se-mas-bajo\/","url":"https:\/\/estaciodeserveimaset.com\/es\/conducir-durante-las-horas-de-solo-cuando-se-mas-bajo\/","name":"Conduir durant les hores de sol quan es m\u00e9s baix? | Estaci\u00f3 Servei Maset","isPartOf":{"@id":"https:\/\/estaciodeserveimaset.com\/#website"},"primaryImageOfPage":{"@id":"https:\/\/estaciodeserveimaset.com\/es\/conducir-durante-las-horas-de-solo-cuando-se-mas-bajo\/#primaryimage"},"image":{"@id":"https:\/\/estaciodeserveimaset.com\/es\/conducir-durante-las-horas-de-solo-cuando-se-mas-bajo\/#primaryimage"},"thumbnailUrl":"https:\/\/estaciodeserveimaset.com\/wp-content\/uploads\/2017\/07\/conduir.jpg","datePublished":"2017-07-09T11:01:00+00:00","dateModified":"2017-07-11T20:58:09+00:00","author":{"@id":"https:\/\/estaciodeserveimaset.com\/#\/schema\/person\/06754f41b30c7200ac8cc1a27a51a606"},"description":"Conduir en carretera pot ser molt pesat si es tenen els rajos del sol de cara. \u00c9s per aix\u00f2 que conv\u00e9 evitar les hores en les que el sol est\u00e0 m\u00e9s baix.","breadcrumb":{"@id":"https:\/\/estaciodeserveimaset.com\/es\/conducir-durante-las-horas-de-solo-cuando-se-mas-bajo\/#breadcrumb"},"inLanguage":"es","potentialAction":[{"@type":"ReadAction","target":["https:\/\/estaciodeserveimaset.com\/es\/conducir-durante-las-horas-de-solo-cuando-se-mas-bajo\/"]}]},{"@type":"ImageObject","inLanguage":"es","@id":"https:\/\/estaciodeserveimaset.com\/es\/conducir-durante-las-horas-de-solo-cuando-se-mas-bajo\/#primaryimage","url":"https:\/\/estaciodeserveimaset.com\/wp-content\/uploads\/2017\/07\/conduir.jpg","contentUrl":"https:\/\/estaciodeserveimaset.com\/wp-content\/uploads\/2017\/07\/conduir.jpg","width":"1280","height":"853","caption":"Conduir"},{"@type":"BreadcrumbList","@id":"https:\/\/estaciodeserveimaset.com\/es\/conducir-durante-las-horas-de-solo-cuando-se-mas-bajo\/#breadcrumb","itemListElement":[{"@type":"ListItem","position":1,"name":"Inici","item":"https:\/\/estaciodeserveimaset.com\/es\/"},{"@type":"ListItem","position":2,"name":"\u00bfConducir durante las horas de sol cuando es m\u00e1s bajo?"}]},{"@type":"WebSite","@id":"https:\/\/estaciodeserveimaset.com\/#website","url":"https:\/\/estaciodeserveimaset.com\/","name":"Estaci\u00f3 de Servei Maset","description":"Gasolina i gasoil de calefacci\u00f3 a domicili","potentialAction":[{"@type":"SearchAction","target":{"@type":"EntryPoint","urlTemplate":"https:\/\/estaciodeserveimaset.com\/?s={search_term_string}"},"query-input":{"@type":"PropertyValueSpecification","valueRequired":true,"valueName":"search_term_string"}}],"inLanguage":"es"},{"@type":"Person","@id":"https:\/\/estaciodeserveimaset.com\/#\/schema\/person\/06754f41b30c7200ac8cc1a27a51a606","name":"Estaci\u00f3 de Servei Maset","image":{"@type":"ImageObject","inLanguage":"es","@id":"https:\/\/secure.gravatar.com\/avatar\/b7fb4cff0b30bb664a3fe8271f60c493235311eb1bb917d43fd79a61ae8e99f8?s=96&d=mm&r=g","url":"https:\/\/secure.gravatar.com\/avatar\/b7fb4cff0b30bb664a3fe8271f60c493235311eb1bb917d43fd79a61ae8e99f8?s=96&d=mm&r=g","contentUrl":"https:\/\/secure.gravatar.com\/avatar\/b7fb4cff0b30bb664a3fe8271f60c493235311eb1bb917d43fd79a61ae8e99f8?s=96&d=mm&r=g","caption":"Estaci\u00f3 de Servei Maset"}}]}},"_links":{"self":[{"href":"https:\/\/estaciodeserveimaset.com\/es\/wp-json\/wp\/v2\/posts\/549","targetHints":{"allow":["GET"]}}],"collection":[{"href":"https:\/\/estaciodeserveimaset.com\/es\/wp-json\/wp\/v2\/posts"}],"about":[{"href":"https:\/\/estaciodeserveimaset.com\/es\/wp-json\/wp\/v2\/types\/post"}],"author":[{"embeddable":true,"href":"https:\/\/estaciodeserveimaset.com\/es\/wp-json\/wp\/v2\/users\/1"}],"replies":[{"embeddable":true,"href":"https:\/\/estaciodeserveimaset.com\/es\/wp-json\/wp\/v2\/comments?post=549"}],"version-history":[{"count":0,"href":"https:\/\/estaciodeserveimaset.com\/es\/wp-json\/wp\/v2\/posts\/549\/revisions"}],"wp:featuredmedia":[{"embeddable":true,"href":"https:\/\/estaciodeserveimaset.com\/es\/wp-json\/wp\/v2\/media\/547"}],"wp:attachment":[{"href":"https:\/\/estaciodeserveimaset.com\/es\/wp-json\/wp\/v2\/media?parent=549"}],"wp:term":[{"taxonomy":"category","embeddable":true,"href":"https:\/\/estaciodeserveimaset.com\/es\/wp-json\/wp\/v2\/categories?post=549"},{"taxonomy":"post_tag","embeddable":true,"href":"https:\/\/estaciodeserveimaset.com\/es\/wp-json\/wp\/v2\/tags?post=549"}],"curies":[{"name":"wp","href":"https:\/\/api.w.org\/{rel}","templated":true}]}}